{"provider_url": "https://www.congonhal.mg.leg.br", "title": "Ex-Vereadores", "html": "<table class=\"invisible\"><caption></caption>\r\n<tbody>\r\n<tr><th>\r\n<p><b><i>XX/XX/1955 - 30/01/1959</i></b></p>\r\n<ul>\r\n<li>Benedito In\u00e1cio Franco</li>\r\n<li>Benedito Pedro dos Santos</li>\r\n<li>Geraldo Vicente dos Santos</li>\r\n<li>Joaquim Nelson de Morais</li>\r\n<li>Jos\u00e9 dos Reis</li>\r\n<li>Jos\u00e9 Francisco da Silveira</li>\r\n<li>Jos\u00e9 Olimpio de Oliveira</li>\r\n<li>Paulino Ven\u00e2ncio Coutinho</li>\r\n<li>Tarciso de Assis</li>\r\n</ul>\r\n<div></div>\r\n<div></div>\r\n</th><th>\r\n<p class=\"MsoNormal\"><b><i><span>31/01/1959- 30/01/1963</span></i></b></p>\r\n<ul>\r\n<li>Benedito In\u00e1cio Fernandes</li>\r\n<li>Benedito Vilela Franco</li>\r\n<li>Gerson da Silva</li>\r\n<li>Joaquim Nelson de Morais</li>\r\n<li>Jos\u00e9 Bernardes de Sousa</li>\r\n<li><span>\u00a0</span><span>Jos\u00e9 Malaquias das Chagas</span></li>\r\n<li>Jos\u00e9 Toledo</li>\r\n<li>Oscar Domingues dos Santos</li>\r\n<li>Sebasti\u00e3o da Costa Ferreira</li>\r\n</ul>\r\n<div></div>\r\n</th></tr>\r\n<tr>\r\n<td>\r\n<p class=\"MsoNormal\"><b><i><span>31/01/1963 \u2013 21/02/1967</span></i></b></p>\r\n<ul>\r\n<li><strong>Antonio da Costa Ferreira</strong></li>\r\n<li><strong>Benedito In\u00e1cio Fernandes</strong></li>\r\n<li><strong><span>Benedito Isa\u00edas de Lima</span></strong></li>\r\n<li><strong>Benedito Vilela Franco</strong></li>\r\n<li><strong>Gerson da Silva</strong></li>\r\n<li><strong>Joaquim Nelson de Morais</strong></li>\r\n<li><strong>Jos\u00e9 Bernardes de Sousa</strong></li>\r\n<li><strong>Jos\u00e9 Francisco da Silveira</strong></li>\r\n<li><strong>Jos\u00e9 Paulino Ven\u00e2ncio</strong>\u00a0</li>\r\n</ul>\r\n</td>\r\n<td>\r\n<p class=\"MsoNormal\"><b><i><span>22/02/1967 \u2013 30/01/1971</span></i></b></p>\r\n<ul>\r\n<li><strong><span>\u00a0</span><span>Am\u00e9rico Mariano da Silva</span></strong></li>\r\n<li><strong><span>\u00a0</span><span>Francisco de Oliveira Franco</span></strong></li>\r\n<li><strong>Jos\u00e9 Bernardes de Sousa</strong></li>\r\n<li><strong>Jos\u00e9 dos Reis</strong></li>\r\n<li><strong>Jos\u00e9 Paulino Ven\u00e2ncio</strong></li>\r\n<li><strong>Julio Carvalho Moreira</strong></li>\r\n<li><strong>Luiz Rodrigues Franco</strong></li>\r\n<li><strong><span>Luiz V\u00edtor da Fraga</span></strong></li>\r\n<li><strong>Miguel Ferreira de Matos</strong></li>\r\n</ul>\r\n<div><b><br /></b></div>\r\n</td>\r\n</tr>\r\n<tr>\r\n<td>\r\n<p class=\"MsoNormal\"><b><i><span>31/01/1971 a 30/01/1973</span></i></b></p>\r\n<ul>\r\n<li><strong>Ana Odil\u00e9ia dos Reis</strong></li>\r\n<li><strong>Carlos Ribeiro Coutinho</strong></li>\r\n<li><strong>Doracy Bernardes de Sousa</strong></li>\r\n<li><strong>Jorge Lopes do Prado</strong></li>\r\n<li><strong>Jos\u00e9 Augusto de Melo</strong></li>\r\n<li><strong>Jos\u00e9 Bernardes de Sousa</strong></li>\r\n<li><strong>Jos\u00e9 Paulino Ven\u00e2ncio</strong></li>\r\n<li><strong>Luiz V\u00edtor da Fraga</strong></li>\r\n<li><strong>Vitorino Bernardes de Sousa</strong></li>\r\n</ul>\r\n</td>\r\n<td>\r\n<p class=\"MsoNormal\"><b><i><span>31/01/1973\u00a0 a 31/12/1976</span></i></b></p>\r\n<ul>\r\n<li><strong><span>Antonio Galv\u00e3o de Lima</span></strong></li>\r\n<li><strong><span>Antonio Vicente dos Santos</span></strong></li>\r\n<li><strong><span>Carlos Ribeiro Coutinho</span></strong></li>\r\n<li><strong><span>Celso Bernardes de Sousa</span></strong></li>\r\n<li><strong><span>Doracy Bernardes de Sousa</span></strong></li>\r\n<li><strong><span>Ferdinando Gomes dos Santos</span></strong></li>\r\n<li><strong><span>Jos\u00e9 Augusto de Melo</span></strong></li>\r\n<li><strong><span>Jos\u00e9 Rodrigues Coutinho</span></strong></li>\r\n<li><strong>Sebasti\u00e3o Gon\u00e7alves Fernandes</strong></li>\r\n</ul>\r\n<div><b><br /></b></div>\r\n</td>\r\n</tr>\r\n<tr>\r\n<td>\r\n<p class=\"MsoNormal\"><b><i><span>31/01/1977 a 31/12/1982</span></i></b></p>\r\n<ul>\r\n<li><strong>Benedito Bernardes de Sousa</strong></li>\r\n<li><strong>Doracy Bernardes de Sousa</strong></li>\r\n<li><strong>J\u00e9sus da Silva</strong></li>\r\n<li><strong>Jos\u00e9 Augusto de Melo</strong></li>\r\n<li><strong>Jos\u00e9 J\u00falio da Silveira</strong></li>\r\n<li><strong>Jos\u00e9 Paulino Ribeiro</strong></li>\r\n<li><strong>Jos\u00e9 Pereira da Silva</strong></li>\r\n<li><strong>Jos\u00e9 Rodrigues Coutinho</strong></li>\r\n<li><strong>Luiz Rodrigues Franco</strong></li>\r\n</ul>\r\n</td>\r\n<td>\r\n<p class=\"MsoNormal\"><b><i><span>01/01/1983 a 31/12/1988</span></i></b></p>\r\n<ul>\r\n<li><strong>Arnaldo Alves- Presidente</strong></li>\r\n<li><strong>Benedito Fernandes</strong></li>\r\n<li><strong>Benedito Gomes de Sousa</strong></li>\r\n<li><strong>Divino Moreira de Oliveira</strong></li>\r\n<li><strong>Ildebrando Morais de Barros</strong></li>\r\n<li><strong>Joaquim Malaquias de Sousa</strong></li>\r\n<li><strong>Jos\u00e9 Divino de Oliveira</strong></li>\r\n<li><strong>Jos\u00e9 Osmundo Coutinho</strong></li>\r\n<li><strong>Jos\u00e9 Rodrigues Coutinho</strong></li>\r\n</ul>\r\n<div><b><br /></b></div>\r\n</td>\r\n</tr>\r\n<tr>\r\n<td>\r\n<p class=\"MsoNormal\"><span>\u00a0<b><i>01/01/1989 a 31/12/1992</i></b></span></p>\r\n<ul>\r\n<li><strong>Adail Ferreira de Matos</strong></li>\r\n<li><strong>\u00c2ngela Maria Silva</strong></li>\r\n<li><strong>Benedito Elizio de Oliveira</strong></li>\r\n<li><strong>Homero Domingues Sim\u00f5es</strong></li>\r\n<li><strong>Jesus Botelho de Oliveira</strong></li>\r\n<li><strong>Jos\u00e9 Carlos de Oliveira</strong></li>\r\n<li><strong>Jos\u00e9 de Oliveira Muniz</strong></li>\r\n<li><strong>Mauro Gon\u00e7alves Ribeiro</strong></li>\r\n<li><strong>Oliveira dos Santos Junqueira</strong></li>\r\n<li><strong>Paulo Sidnei dos Santos</strong></li>\r\n<li><strong>Ronaldo de Melo Franco</strong></li>\r\n</ul>\r\n<div><b><br /></b></div>\r\n</td>\r\n<td>\r\n<p><strong><i>01/01/1993 a 31/12/1996</i></strong></p>\r\n<ul>\r\n<li><strong>Aluisio C\u00edcero de Barros</strong></li>\r\n<li><strong>Benedito Elizio de Oliveira</strong></li>\r\n<li><strong>Benedito Fernandes</strong></li>\r\n<li><strong>Claudio Ney de Oliveira</strong></li>\r\n<li><strong>Edson Santos Carvalho</strong></li>\r\n<li><strong>Homero Domingues Sim\u00f5es</strong></li>\r\n<li><strong>Jos\u00e9 Antonio da Costa</strong></li>\r\n<li><strong>Jos\u00e9 Augusto de Melo</strong></li>\r\n<li><strong>Maria L\u00facia Silveira Junqueira</strong></li>\r\n<li><strong>Ricardo Henrique Sobreiro</strong></li>\r\n<li><strong>Silvio Cl\u00e1udio Franco</strong></li>\r\n<li><strong>Vinicius Coutinho</strong></li>\r\n</ul>\r\n<div><b><br /></b></div>\r\n</td>\r\n</tr>\r\n<tr>\r\n<td>\r\n<p><b><i>01/01/1997 a 31/12/2000</i></b></p>\r\n<ul>\r\n<li><strong>Ad\u00e3o Elias Felipe</strong></li>\r\n<li><strong>\u00c2ngela Maria Silva</strong></li>\r\n<li><strong>Francisco de Assis Coutinho</strong></li>\r\n<li><strong>Homero Domingues Sim\u00f5es</strong></li>\r\n<li><strong>Joaquim Romeu de Souza</strong></li>\r\n<li><strong>Jos\u00e9 Augusto de Melo</strong></li>\r\n<li><strong>Ricardo Henrique Sobreiro</strong></li>\r\n<li><strong>Roberto Ribeiro Coutinho</strong></li>\r\n<li><strong>Silvio Cl\u00e1udio Franco</strong></li>\r\n</ul>\r\n<div><b><br /></b></div>\r\n</td>\r\n<td>\r\n<p><b><i>01/01/2001 a 31/12/2004</i></b></p>\r\n<ul>\r\n<li><strong>Ad\u00e3o Elias Felipe</strong></li>\r\n<li><strong>Anadir Morais da Silva</strong></li>\r\n<li><strong>Francisco de Assis Coutinho</strong></li>\r\n<li><strong>Homero Domingues Sim\u00f5es\u00a0\u00a0</strong></li>\r\n<li><strong>J\u00e9sus Botelho de Oliveira</strong></li>\r\n<li><strong>Jos\u00e9 Geraldo Barros Coutinho</strong></li>\r\n<li><strong>L\u00e1zaro Ferreira de Morais</strong></li>\r\n<li><strong>Naor Narciso Bueno</strong></li>\r\n<li><strong>Silvio Cl\u00e1udio Franco\u00a0</strong></li>\r\n<li><strong>Ven\u00e2ncio Coutinho</strong></li>\r\n</ul>\r\n<div><b><br /></b></div>\r\n</td>\r\n</tr>\r\n<tr>\r\n<td>\r\n<p><b><i>01/01/2005 a 31/12/2008</i></b></p>\r\n<ul>\r\n<li><strong>Ad\u00e3o Elias Felipe</strong></li>\r\n<li><strong>Antonio Francisco da Costa</strong></li>\r\n<li><strong>Benedito Fernandes</strong></li>\r\n<li><strong>Carlos Alberto Silva</strong></li>\r\n<li><strong>Francisco de Assis Coutinho</strong></li>\r\n<li><strong>Marcio Moreira Franco</strong></li>\r\n<li><strong>Maria de Lourdes Carvalho</strong></li>\r\n<li><strong>Ronaldo Alvarenga\u00a0\u00a0</strong></li>\r\n<li><strong>Sebasti\u00e3o Aparecido Lambert</strong></li>\r\n<li><strong>Silvio Claudio Franco\u00a0</strong></li>\r\n<li><strong>Virginia Silveira Junqueira</strong></li>\r\n<li><strong>Ven\u00e2ncio Domingues Sim\u00f5es</strong></li>\r\n</ul>\r\n<div><b><br /></b></div>\r\n</td>\r\n<td>\r\n<p><b><i>01/01/2009 a 31/12/2012</i></b></p>\r\n<ul>\r\n<li><strong>Antonio Carlos de Oliveira</strong></li>\r\n<li><strong>C\u00e9sar Henrique da Silva</strong></li>\r\n<li><strong>Jean Batista dos Santos</strong></li>\r\n<li><strong>Jos\u00e9 Moreira Sobrinho</strong></li>\r\n<li><strong>Rita de C\u00e1ssia Coutinho</strong></li>\r\n<li><strong>Silvio Cl\u00e1udio Franco</strong></li>\r\n<li><strong>Valdecir Pereira de Alvarenga</strong></li>\r\n<li><strong>Ven\u00e2ncio Domingues Sim\u00f5es</strong></li>\r\n<li><strong><span>Jo\u00e3o Mariano dos Santos</span></strong></li>\r\n</ul>\r\n</td>\r\n</tr>\r\n<tr>\r\n<td>\r\n<p><b><i>01/01/2013 a 31/12/2016</i></b></p>\r\n<ul>\r\n<li><strong>C\u00e9sar Henrique da Silva</strong></li>\r\n<li><strong>Daniela Silveira Junqueira Marques</strong></li>\r\n<li><strong>Jos\u00e9 Aparecido Pereira</strong></li>\r\n<li><strong>Jos\u00e9 Cl\u00e1udio de Alc\u00e2ntara</strong></li>\r\n<li><strong>Ma\u00edsa Lopes de Oliveira</strong></li>\r\n<li><strong>Maria de F\u00e1tima Paula da Fraga</strong></li>\r\n<li><strong>Renato Silva</strong></li>\r\n<li><strong>Rita de C\u00e1ssia Coutinho</strong></li>\r\n<li><strong>Valdecir Pereira de Alvarenga</strong></li>\r\n<li><strong>Ven\u00e2ncio Domingues Sim\u00f5es</strong></li>\r\n</ul>\r\n<div><b><br /></b></div>\r\n</td>\r\n<td>\r\n<p><strong>01/01/2017 a 31/12/2020</strong></p>\r\n<ul>\r\n<li><strong>\u00a0Mois\u00e9s Ferreira Vaz</strong></li>\r\n<li><strong>\u00a0C\u00e9sar Henrique da Silva</strong></li>\r\n<li><strong>\u00a0Daniela Silveira Junqueira Marques</strong></li>\r\n<li><strong>\u00a0Fabr\u00edcio Alves de Lima</strong></li>\r\n<li><strong>\u00a0Isaura de Oliveira Lima</strong></li>\r\n<li><strong>\u00a0Marta de Lourdes Oliveira</strong></li>\r\n<li><strong>\u00a0Renato Silva</strong></li>\r\n<li><strong>\u00a0Rita de C\u00e1ssia Coutinho Ribeiro</strong></li>\r\n<li><strong>\u00a0Valdecir Pereira de Alvarenga</strong></li>\r\n</ul>\r\n<p>\u00a0</p>\r\n</td>\r\n</tr>\r\n<tr>\r\n<td>\r\n<p><b><i>01/01/2021 a</i> 31/12/2024</b></p>\r\n<ul>\r\n<li><b>C\u00e9sar Henrique da Silva</b></li>\r\n<li><b>Geremias Vilhena Borges</b></li>\r\n<li><b>Lucas Santos Carvalho</b></li>\r\n<li><b>Hellen Cristiane Coutinho S. Costa</b></li>\r\n<li><b>Jos\u00e9 Cl\u00e1udio de Alc\u00e2ntara</b></li>\r\n<li><b>Luiz Gustavo Lopes</b></li>\r\n<li><b>Rita de C\u00e1ssia Coutinho Ribeiro</b></li>\r\n<li><b>Valdecir Pereira de Alvarenga</b></li>\r\n<li><b>Vanderval Mariano\u00a0</b></li>\r\n</ul>\r\n</td>\r\n<td>\r\n<p>\u00a0</p>\r\n</td>\r\n</tr>\r\n</tbody>\r\n</table>\r\n<p><br />\u00a0</p>", "author_name": "", "version": "1.0", "author_url": "https://www.congonhal.mg.leg.br/author/adm", "provider_name": "C\u00e2mara Municipal de Congonhal", "type": "rich"}